[{"@context":"https:\/\/schema.org\/","@type":"Article","@id":"https:\/\/www.areon.cz\/jiz-zadne-problemy-se-zakonem\/#Article","mainEntityOfPage":"https:\/\/www.areon.cz\/jiz-zadne-problemy-se-zakonem\/","headline":"Ji\u017e \u017e\u00e1dn\u00e9 probl\u00e9my se z\u00e1konem","name":"Ji\u017e \u017e\u00e1dn\u00e9 probl\u00e9my se z\u00e1konem","description":"Jezd\u00edte sv\u00fdm vozidlem do pr\u00e1ce ka\u017ed\u00fd den a ob\u010das se v\u00e1m stane, \u017ee v\u00e1m na \u010deln\u00ed sklo p\u0159ilet\u00ed n\u011bjak\u00fd ten kam\u00ednek? I kdy\u017e to hned nemus\u00ed zna\u010dit probl\u00e9m, je lep\u0161\u00ed danou situaci prozkoumat a i v p\u0159\u00edpad\u011b mal\u00e9 praskliny je [&hellip;]","datePublished":"2023-08-15","dateModified":"2023-08-15","author":{"@type":"Person","@id":"https:\/\/www.areon.cz\/author\/#Person","name":"","url":"https:\/\/www.areon.cz\/author\/","identifier":1,"image":{"@type":"ImageObject","@id":"https:\/\/secure.gravatar.com\/avatar\/6b1978a802e1d2522476d4f1a954a19e989b74ba84b3e15a182efb651cc75097?s=96&d=mm&r=g","url":"https:\/\/secure.gravatar.com\/avatar\/6b1978a802e1d2522476d4f1a954a19e989b74ba84b3e15a182efb651cc75097?s=96&d=mm&r=g","height":96,"width":96}},"publisher":{"@type":"Organization","name":"areon.cz","logo":{"@type":"ImageObject","@id":"\/logo.png","url":"\/logo.png","width":600,"height":60}},"url":"https:\/\/www.areon.cz\/jiz-zadne-problemy-se-zakonem\/","wordCount":249,"articleBody":"Jezd\u00edte sv\u00fdm vozidlem do pr\u00e1ce ka\u017ed\u00fd den a ob\u010das se v\u00e1m stane, \u017ee v\u00e1m na \u010deln\u00ed sklo p\u0159ilet\u00ed n\u011bjak\u00fd ten kam\u00ednek? I kdy\u017e to hned nemus\u00ed zna\u010dit probl\u00e9m, je lep\u0161\u00ed danou situaci prozkoumat a i v p\u0159\u00edpad\u011b mal\u00e9 praskliny je dobr\u00e9 v\u0161e \u0159e\u0161it p\u0159es servis. Tam mohou posoudit, zdali je po\u0161kozen\u00ed dostate\u010dn\u011b z\u00e1va\u017en\u00e9 na to, aby se cel\u00e9 autosklo Praha vym\u011bnilo, anebo pouze opravilo. V t\u011bchto p\u0159\u00edpadech v\u00e1s ale m\u016f\u017ee od \u0159e\u0161en\u00ed odradit cena. Je ale d\u016fle\u017eit\u00e9 myslet na to, \u017ee j\u00edzda s po\u0161kozen\u00fdm oknem nen\u00ed v\u016fbec bezpe\u010dn\u00e1. Ohro\u017eujete t\u00edm jak sebe, tak i ostatn\u00ed \u00fa\u010dastn\u00edky dopravy, a tak je lep\u0161\u00ed v ka\u017ed\u00e9m p\u0159\u00edpad\u011b, kdy v\u00e1m na okn\u011b p\u0159istane kam\u00ednek, zajet do servisu.Na ka\u017ed\u00e9 vozidlo existuje n\u00e1hradn\u00ed d\u00edlPokud m\u00e1te obavu o to, \u017ee pr\u00e1v\u011b na v\u00e1\u0161 typ vozidla se \u017e\u00e1dn\u00e9 nov\u00e9 ok\u00e9nko nenajde, tak nezoufejte. Nemus\u00edte m\u00edt na sv\u00e9m voze origin\u00e1ln\u00ed d\u00edl. Je ale d\u016fle\u017eit\u00e9 zajistit, aby n\u00e1hradn\u00ed d\u00edl, kter\u00fd nech\u00e1te um\u00edstit do sv\u00e9ho vozu, byl homologovan\u00fd. V opa\u010dn\u00e9m p\u0159\u00edpad\u011b hroz\u00ed po\u0161kozen\u00ed a op\u011bt pokuta. Uva\u017eujete tedy rozumn\u011b a myslete i na ostatn\u00ed \u00fa\u010dastn\u00edky silni\u010dn\u00edho provozu.                                                                                                                                                                                                                                                                                                                                                                                        4.6\/5 - (10 votes)        "},{"@context":"https:\/\/schema.org\/","@type":"BreadcrumbList","itemListElement":[{"@type":"ListItem","position":1,"name":"Ji\u017e \u017e\u00e1dn\u00e9 probl\u00e9my se z\u00e1konem","item":"https:\/\/www.areon.cz\/jiz-zadne-problemy-se-zakonem\/#breadcrumbitem"}]}]