[{"@context":"https:\/\/schema.org\/","@type":"Blog","@id":"https:\/\/www.areon.cz#Blog","headline":"Areon","description":"\nHled\u00e1te internetovou str\u00e1nku propaguj\u00edc\u00ed bezv\u00fdhradn\u011b jenom ty nejlep\u0161\u00ed a nejspolehliv\u011bj\u0161\u00ed slu\u017eby? Jsme p\u0159esv\u011bd\u010deni, \u017ee u n\u00e1s je pr\u00e1v\u011b to, co hled\u00e1te.","url":"https:\/\/www.areon.cz","hasPart":[{"@type":"Article","@id":"https:\/\/www.areon.cz\/co-dokaze-tvrda-voda\/","headline":"Co dok\u00e1\u017ee tvrd\u00e1 voda","url":"https:\/\/www.areon.cz\/co-dokaze-tvrda-voda\/","datePublished":"2022-12-26","dateModified":"2023-06-06","mainEntityOfPage":"https:\/\/www.areon.cz\/co-dokaze-tvrda-voda\/","author":{"@type":"Person","@id":"https:\/\/www.areon.cz\/author\/#Person","name":"","url":"https:\/\/www.areon.cz\/author\/","identifier":1,"image":{"@type":"ImageObject","@id":"https:\/\/secure.gravatar.com\/avatar\/6b1978a802e1d2522476d4f1a954a19e989b74ba84b3e15a182efb651cc75097?s=96&d=mm&r=g","url":"https:\/\/secure.gravatar.com\/avatar\/6b1978a802e1d2522476d4f1a954a19e989b74ba84b3e15a182efb651cc75097?s=96&d=mm&r=g","height":96,"width":96}},"publisher":{"@type":"Organization","name":"areon.cz","logo":{"@type":"ImageObject","@id":"\/logo.png","url":"\/logo.png","width":600,"height":60}},"image":{"@type":"ImageObject","@id":"https:\/\/www.areon.cz\/wp-content\/uploads\/plumber-g430a4cd8a_640.jpg","url":"https:\/\/www.areon.cz\/wp-content\/uploads\/plumber-g430a4cd8a_640.jpg","height":0,"width":0},"wordCount":630,"keywords":null},{"@type":"Article","@id":"https:\/\/www.areon.cz\/muzikal-carmen-nezapomenutelne-predstaveni-o-lasce-a-touze\/","headline":"Muzik\u00e1l Carmen &#8211; nezapomenuteln\u00e9 p\u0159edstaven\u00ed o l\u00e1sce a touze","url":"https:\/\/www.areon.cz\/muzikal-carmen-nezapomenutelne-predstaveni-o-lasce-a-touze\/","datePublished":"2022-07-16","dateModified":"2023-06-06","mainEntityOfPage":"https:\/\/www.areon.cz\/muzikal-carmen-nezapomenutelne-predstaveni-o-lasce-a-touze\/","author":{"@type":"Person","@id":"https:\/\/www.areon.cz\/author\/#Person","name":"","url":"https:\/\/www.areon.cz\/author\/","identifier":1,"image":{"@type":"ImageObject","@id":"https:\/\/secure.gravatar.com\/avatar\/6b1978a802e1d2522476d4f1a954a19e989b74ba84b3e15a182efb651cc75097?s=96&d=mm&r=g","url":"https:\/\/secure.gravatar.com\/avatar\/6b1978a802e1d2522476d4f1a954a19e989b74ba84b3e15a182efb651cc75097?s=96&d=mm&r=g","height":96,"width":96}},"publisher":{"@type":"Organization","name":"areon.cz","logo":{"@type":"ImageObject","@id":"\/logo.png","url":"\/logo.png","width":600,"height":60}},"image":{"@type":"ImageObject","@id":"https:\/\/www.areon.cz\/wp-content\/uploads\/pexels-donald-tong-109669%20(1).jpg","url":"https:\/\/www.areon.cz\/wp-content\/uploads\/pexels-donald-tong-109669%20(1).jpg","height":0,"width":0},"wordCount":673,"keywords":null},{"@type":"Article","@id":"https:\/\/www.areon.cz\/nechte-si-vykopat-bazen\/","headline":"Nechte si vykopat baz\u00e9n","url":"https:\/\/www.areon.cz\/nechte-si-vykopat-bazen\/","datePublished":"2022-07-11","dateModified":"2023-06-06","mainEntityOfPage":"https:\/\/www.areon.cz\/nechte-si-vykopat-bazen\/","author":{"@type":"Person","@id":"https:\/\/www.areon.cz\/author\/#Person","name":"","url":"https:\/\/www.areon.cz\/author\/","identifier":1,"image":{"@type":"ImageObject","@id":"https:\/\/secure.gravatar.com\/avatar\/6b1978a802e1d2522476d4f1a954a19e989b74ba84b3e15a182efb651cc75097?s=96&d=mm&r=g","url":"https:\/\/secure.gravatar.com\/avatar\/6b1978a802e1d2522476d4f1a954a19e989b74ba84b3e15a182efb651cc75097?s=96&d=mm&r=g","height":96,"width":96}},"publisher":{"@type":"Organization","name":"areon.cz","logo":{"@type":"ImageObject","@id":"\/logo.png","url":"\/logo.png","width":600,"height":60}},"image":{"@type":"ImageObject","@id":"https:\/\/www.areon.cz\/wp-content\/uploads\/baz%C3%A9n_1.JPG","url":"https:\/\/www.areon.cz\/wp-content\/uploads\/baz%C3%A9n_1.JPG","height":0,"width":0},"wordCount":769,"keywords":null},{"@type":"Article","@id":"https:\/\/www.areon.cz\/bydlete-podle-sebe\/","headline":"Bydlete podle sebe!","url":"https:\/\/www.areon.cz\/bydlete-podle-sebe\/","datePublished":"2022-07-09","dateModified":"2023-06-06","mainEntityOfPage":"https:\/\/www.areon.cz\/bydlete-podle-sebe\/","author":{"@type":"Person","@id":"https:\/\/www.areon.cz\/author\/#Person","name":"","url":"https:\/\/www.areon.cz\/author\/","identifier":1,"image":{"@type":"ImageObject","@id":"https:\/\/secure.gravatar.com\/avatar\/6b1978a802e1d2522476d4f1a954a19e989b74ba84b3e15a182efb651cc75097?s=96&d=mm&r=g","url":"https:\/\/secure.gravatar.com\/avatar\/6b1978a802e1d2522476d4f1a954a19e989b74ba84b3e15a182efb651cc75097?s=96&d=mm&r=g","height":96,"width":96}},"publisher":{"@type":"Organization","name":"areon.cz","logo":{"@type":"ImageObject","@id":"\/logo.png","url":"\/logo.png","width":600,"height":60}},"image":{"@type":"ImageObject","@id":"https:\/\/www.areon.cz\/wp-content\/uploads\/kl%C3%AD%C4%8D%20od%20domu_10_9.jpg","url":"https:\/\/www.areon.cz\/wp-content\/uploads\/kl%C3%AD%C4%8D%20od%20domu_10_9.jpg","height":0,"width":0},"wordCount":592,"keywords":null},{"@type":"Article","@id":"https:\/\/www.areon.cz\/rozveselte-destnikem-vas-destivy-den\/","headline":"Rozveselte de\u0161tn\u00edkem v\u00e1\u0161 de\u0161tiv\u00fd den","url":"https:\/\/www.areon.cz\/rozveselte-destnikem-vas-destivy-den\/","datePublished":"2022-07-08","dateModified":"2023-06-06","mainEntityOfPage":"https:\/\/www.areon.cz\/rozveselte-destnikem-vas-destivy-den\/","author":{"@type":"Person","@id":"https:\/\/www.areon.cz\/author\/#Person","name":"","url":"https:\/\/www.areon.cz\/author\/","identifier":1,"image":{"@type":"ImageObject","@id":"https:\/\/secure.gravatar.com\/avatar\/6b1978a802e1d2522476d4f1a954a19e989b74ba84b3e15a182efb651cc75097?s=96&d=mm&r=g","url":"https:\/\/secure.gravatar.com\/avatar\/6b1978a802e1d2522476d4f1a954a19e989b74ba84b3e15a182efb651cc75097?s=96&d=mm&r=g","height":96,"width":96}},"publisher":{"@type":"Organization","name":"areon.cz","logo":{"@type":"ImageObject","@id":"\/logo.png","url":"\/logo.png","width":600,"height":60}},"image":{"@type":"ImageObject","@id":"https:\/\/www.areon.cz\/wp-content\/uploads\/umbrella-249346_640.png","url":"https:\/\/www.areon.cz\/wp-content\/uploads\/umbrella-249346_640.png","height":0,"width":0},"wordCount":669,"keywords":null},{"@type":"Article","@id":"https:\/\/www.areon.cz\/ceho-se-muzi-boji\/","headline":"\u010ceho se mu\u017ei boj\u00ed?","url":"https:\/\/www.areon.cz\/ceho-se-muzi-boji\/","datePublished":"2022-06-22","dateModified":"2023-06-06","mainEntityOfPage":"https:\/\/www.areon.cz\/ceho-se-muzi-boji\/","author":{"@type":"Person","@id":"https:\/\/www.areon.cz\/author\/#Person","name":"","url":"https:\/\/www.areon.cz\/author\/","identifier":1,"image":{"@type":"ImageObject","@id":"https:\/\/secure.gravatar.com\/avatar\/6b1978a802e1d2522476d4f1a954a19e989b74ba84b3e15a182efb651cc75097?s=96&d=mm&r=g","url":"https:\/\/secure.gravatar.com\/avatar\/6b1978a802e1d2522476d4f1a954a19e989b74ba84b3e15a182efb651cc75097?s=96&d=mm&r=g","height":96,"width":96}},"publisher":{"@type":"Organization","name":"areon.cz","logo":{"@type":"ImageObject","@id":"\/logo.png","url":"\/logo.png","width":600,"height":60}},"image":{"@type":"ImageObject","@id":"https:\/\/www.areon.cz\/wp-content\/uploads\/man-2604149_640_9.jpg","url":"https:\/\/www.areon.cz\/wp-content\/uploads\/man-2604149_640_9.jpg","height":0,"width":0},"wordCount":595,"keywords":null},{"@type":"Article","@id":"https:\/\/www.areon.cz\/podpora-podnikatelu-i-zivnostniku\/","headline":"Podpora podnikatel\u016f i \u017eivnostn\u00edk\u016f","url":"https:\/\/www.areon.cz\/podpora-podnikatelu-i-zivnostniku\/","datePublished":"2022-06-14","dateModified":"2023-06-06","mainEntityOfPage":"https:\/\/www.areon.cz\/podpora-podnikatelu-i-zivnostniku\/","author":{"@type":"Person","@id":"https:\/\/www.areon.cz\/author\/#Person","name":"","url":"https:\/\/www.areon.cz\/author\/","identifier":1,"image":{"@type":"ImageObject","@id":"https:\/\/secure.gravatar.com\/avatar\/6b1978a802e1d2522476d4f1a954a19e989b74ba84b3e15a182efb651cc75097?s=96&d=mm&r=g","url":"https:\/\/secure.gravatar.com\/avatar\/6b1978a802e1d2522476d4f1a954a19e989b74ba84b3e15a182efb651cc75097?s=96&d=mm&r=g","height":96,"width":96}},"publisher":{"@type":"Organization","name":"areon.cz","logo":{"@type":"ImageObject","@id":"\/logo.png","url":"\/logo.png","width":600,"height":60}},"image":{"@type":"ImageObject","@id":"https:\/\/www.areon.cz\/wp-content\/uploads\/financing-g6e2dfaab6_640.jpg","url":"https:\/\/www.areon.cz\/wp-content\/uploads\/financing-g6e2dfaab6_640.jpg","height":0,"width":0},"wordCount":683,"keywords":null},{"@type":"Article","@id":"https:\/\/www.areon.cz\/mate-radi-kabat\/","headline":"M\u00e1te r\u00e1di kab\u00e1t?","url":"https:\/\/www.areon.cz\/mate-radi-kabat\/","datePublished":"2022-05-25","dateModified":"2023-06-06","mainEntityOfPage":"https:\/\/www.areon.cz\/mate-radi-kabat\/","author":{"@type":"Person","@id":"https:\/\/www.areon.cz\/author\/#Person","name":"","url":"https:\/\/www.areon.cz\/author\/","identifier":1,"image":{"@type":"ImageObject","@id":"https:\/\/secure.gravatar.com\/avatar\/6b1978a802e1d2522476d4f1a954a19e989b74ba84b3e15a182efb651cc75097?s=96&d=mm&r=g","url":"https:\/\/secure.gravatar.com\/avatar\/6b1978a802e1d2522476d4f1a954a19e989b74ba84b3e15a182efb651cc75097?s=96&d=mm&r=g","height":96,"width":96}},"publisher":{"@type":"Organization","name":"areon.cz","logo":{"@type":"ImageObject","@id":"\/logo.png","url":"\/logo.png","width":600,"height":60}},"image":{"@type":"ImageObject","@id":"https:\/\/www.areon.cz\/wp-content\/uploads\/%C5%BEena%20a%20kab%C3%A1t.JPG","url":"https:\/\/www.areon.cz\/wp-content\/uploads\/%C5%BEena%20a%20kab%C3%A1t.JPG","height":0,"width":0},"wordCount":845,"keywords":null},{"@type":"Article","@id":"https:\/\/www.areon.cz\/tyto-ctyri-tipy-pro-hubnuti-skutecne-zabiraji\/","headline":"Tyto \u010dty\u0159i tipy pro hubnut\u00ed skute\u010dn\u011b zab\u00edraj\u00ed","url":"https:\/\/www.areon.cz\/tyto-ctyri-tipy-pro-hubnuti-skutecne-zabiraji\/","datePublished":"2022-05-25","dateModified":"2023-06-06","mainEntityOfPage":"https:\/\/www.areon.cz\/tyto-ctyri-tipy-pro-hubnuti-skutecne-zabiraji\/","author":{"@type":"Person","@id":"https:\/\/www.areon.cz\/author\/#Person","name":"","url":"https:\/\/www.areon.cz\/author\/","identifier":1,"image":{"@type":"ImageObject","@id":"https:\/\/secure.gravatar.com\/avatar\/6b1978a802e1d2522476d4f1a954a19e989b74ba84b3e15a182efb651cc75097?s=96&d=mm&r=g","url":"https:\/\/secure.gravatar.com\/avatar\/6b1978a802e1d2522476d4f1a954a19e989b74ba84b3e15a182efb651cc75097?s=96&d=mm&r=g","height":96,"width":96}},"publisher":{"@type":"Organization","name":"areon.cz","logo":{"@type":"ImageObject","@id":"\/logo.png","url":"\/logo.png","width":600,"height":60}},"image":{"@type":"ImageObject","@id":"https:\/\/www.areon.cz\/wp-content\/uploads\/strawberry-1398159_640.jpg","url":"https:\/\/www.areon.cz\/wp-content\/uploads\/strawberry-1398159_640.jpg","height":0,"width":0},"wordCount":722,"keywords":null},{"@type":"Article","@id":"https:\/\/www.areon.cz\/vyuzit-sluzby-bytovych-architektu-se-vyplati\/","headline":"Vyu\u017e\u00edt slu\u017eby bytov\u00fdch architekt\u016f se vyplat\u00ed","url":"https:\/\/www.areon.cz\/vyuzit-sluzby-bytovych-architektu-se-vyplati\/","datePublished":"2022-05-14","dateModified":"2023-06-06","mainEntityOfPage":"https:\/\/www.areon.cz\/vyuzit-sluzby-bytovych-architektu-se-vyplati\/","author":{"@type":"Person","@id":"https:\/\/www.areon.cz\/author\/#Person","name":"","url":"https:\/\/www.areon.cz\/author\/","identifier":1,"image":{"@type":"ImageObject","@id":"https:\/\/secure.gravatar.com\/avatar\/6b1978a802e1d2522476d4f1a954a19e989b74ba84b3e15a182efb651cc75097?s=96&d=mm&r=g","url":"https:\/\/secure.gravatar.com\/avatar\/6b1978a802e1d2522476d4f1a954a19e989b74ba84b3e15a182efb651cc75097?s=96&d=mm&r=g","height":96,"width":96}},"publisher":{"@type":"Organization","name":"areon.cz","logo":{"@type":"ImageObject","@id":"\/logo.png","url":"\/logo.png","width":600,"height":60}},"image":{"@type":"ImageObject","@id":"https:\/\/www.areon.cz\/wp-content\/uploads\/house-g27bdd81e2_640_3.jpg","url":"https:\/\/www.areon.cz\/wp-content\/uploads\/house-g27bdd81e2_640_3.jpg","height":0,"width":0},"wordCount":581,"keywords":null}]},{"@context":"https:\/\/schema.org","@type":"WebSite","@id":"https:\/\/www.areon.cz\/#website","name":"Areon","url":"https:\/\/www.areon.cz","potentialAction":{"@type":"SearchAction","target":"https:\/\/www.areon.cz\/?s={search_term_string}","query-input":"required name=search_term_string"}}]